{"id":731,"date":"2024-01-20T09:55:16","date_gmt":"2024-01-20T09:55:16","guid":{"rendered":"https:\/\/jochenwagner.net\/?p=731"},"modified":"2024-01-20T11:20:39","modified_gmt":"2024-01-20T11:20:39","slug":"8-songs-2-2-2-2-2-3-2-2-2-2-2-2-2-2-2-2-copy-copy-copy","status":"publish","type":"post","link":"https:\/\/jochenwagner.net\/?p=731","title":{"rendered":"Ein Herz ist"},"content":{"rendered":"","protected":false},"excerpt":{"rendered":"","protected":false},"author":1,"featured_media":617,"comment_status":"closed","ping_status":"closed","sticky":false,"template":"","format":"standard","meta":[],"categories":[4],"tags":[],"class_list":["post-731","post","type-post","status-publish","has-post-thumbnail","hentry","category-ausstellungen"],"grid":"{\r\n  \"colCount\": 12,\r\n  \"colGutter\": 1,\r\n  \"rowGutters\": [],\r\n  \"frameMargin\": 2,\r\n  \"topFrameMargin\": 40,\r\n  \"bottomFrameMargin\": 50,\r\n  \"rowAttrs\": [\r\n    {\r\n      \"row100vh\": true,\r\n      \"relid\": 1\r\n    }\r\n  ],\r\n  \"bgColor\": null,\r\n  \"cont\": [\r\n    {\r\n      \"type\": \"stack\",\r\n      \"cont\": [\r\n        {\r\n          \"type\": \"text\",\r\n          \"cont\": \"<div class=\\\"\\\">Ein Herz ist<\/div><div class=\\\"\\\"><span class=\\\"\\\">02.04. \u2013 15.04.2023<\/span><\/div><div class=\\\"\\\"><span class=\\\"\\\">Galerie Oberwelt, Stuttgart<\/span><\/div><p>Gestaltung: Studio Tillack Kn\u00f6ll<\/p><h1 class=\\\"_TITEL\\\">\u00a0<\/h1><p><a class=\\\"laynextproject\\\" href=\\\"https:\/\/jochenwagner.net\/?p=725\\\" data-type=\\\"project\\\" data-id=\\\"725\\\" data-title=\\\"APK\\\" data-catid=\\\"[4]\\\" data-hoverimageid=\\\"595\\\" data-hoverimagesmallsrc=\\\"\/wp-content\/uploads\/2022\/11\/ABK_221012_FastFaustgross_Adaptionen_Instagrampost_1_1080x1080-265x265.jpeg\\\" data-hoverimagetype=\\\"image\\\">\u2192<\/a><\/p><h1 class=\\\"_TITEL\\\"><a class=\\\"layprevproject\\\" href=\\\"#layprevproject\\\" data-type=\\\"project\\\" data-id=\\\"453\\\" data-title=\\\"art_2014_01_afropunk_ls art_2014_01_afropunk_rs\\\" data-catid=\\\"[1]\\\" data-hoverimageid=\\\"616\\\" data-hoverimagesmallsrc=\\\"\/wp-content\/uploads\/2023\/04\/sitting_in_a_tin_can_EINLADUNG1-265x265.jpg\\\" data-hoverimagetype=\\\"image\\\">\u2190<\/a><\/h1><p>\u00a0<\/p>\",\r\n          \"align\": \"top\",\r\n          \"row\": -1,\r\n          \"col\": 0,\r\n          \"colspan\": 6,\r\n          \"offsetx\": 0,\r\n          \"offsety\": 0,\r\n          \"spaceabove\": 0,\r\n          \"spacebelow\": 0,\r\n          \"yvel\": 1,\r\n          \"push\": 0,\r\n          \"relid\": 6,\r\n          \"absolute_position\": false\r\n        },\r\n        {\r\n          \"type\": \"img\",\r\n          \"cont\": \"\/wp-content\/uploads\/2023\/04\/Ein_Herz_ist_01.jpg\",\r\n          \"align\": \"onethird\",\r\n          \"row\": -1,\r\n          \"col\": 3,\r\n          \"colspan\": 6,\r\n          \"offsetx\": 0,\r\n          \"offsety\": 0,\r\n          \"spaceabove\": 0,\r\n          \"spacebelow\": 0,\r\n          \"yvel\": 1,\r\n          \"push\": 3,\r\n          \"relid\": 23,\r\n          \"attid\": 617,\r\n          \"sizes\": {\r\n            \"full\": \"\/wp-content\/uploads\/2023\/04\/Ein_Herz_ist_01.jpg\",\r\n            \"_1024\": \"\/wp-content\/uploads\/2023\/04\/Ein_Herz_ist_01-1024x738.jpg\",\r\n            \"_768\": \"\/wp-content\/uploads\/2023\/04\/Ein_Herz_ist_01-768x554.jpg\",\r\n            \"_512\": \"\/wp-content\/uploads\/2023\/04\/Ein_Herz_ist_01-512x369.jpg\",\r\n            \"_265\": \"\/wp-content\/uploads\/2023\/04\/Ein_Herz_ist_01-265x191.jpg\"\r\n          },\r\n          \"w\": 1212,\r\n          \"h\": 874,\r\n          \"ar\": 0.7211221122112211,\r\n          \"alt\": \"\",\r\n          \"absolute_position\": false\r\n        },\r\n        {\r\n          \"type\": \"text\",\r\n          \"cont\": \"<div class=\\\"\\\"><p>AUSSTELLUNG UND BUCHPR\u00c4SENTATION DER MEISTERSCH\u00dcLER*INNEN DES JAHRGANGS 2020: \u201eEIN HERZ IST\u201c<\/p><p>Galerie Oberwelt e.V., Reinsburgstra\u00dfe 93, 70197 Stuttgart<\/p><p>\u00a0<\/p><p>In dem sechsten Band aus der Reihe \u201ePublikationen der Meistersch\u00fcler*innen der Bildenden Kunst der Staatlichen Akademie der Bildenden K\u00fcnste Stuttgart\u201c pr\u00e4sentieren Javier Klaus Gastelum, Lisa Granada, Anette C. Halm, Jaewon Park, Patricia Paryz, Jochen Wagner und Linda Wei\u00df ihre Arbeiten, welche im Rahmen des postgraduierten Wei\u00dfenhof-Programms entstanden sind.<\/p><p>\u00a0<\/p><p>Die Publikation kn\u00fcpft damit an die erfolgreiche Projektpr\u00e4sentation an, die in der Villa Merkel gezeigt wurde.<\/p><p>\u00a0<\/p><p>Er\u00f6ffnung: Samstag, 1. April 2023, 18 Uhr<br \/>Lach-Yoga mit Patricia Paryz: 18:30 Uhr <br \/>Laufzeit: 02.04.\u201315.04.2023<br \/>\u00d6ffnungszeiten nach Vereinbarung<\/p><p>\u00a0<\/p><p>Mit freundlicher Unterst\u00fctzung des Ministeriums f\u00fcr Wissenschaft, Forschung und Kunst Baden-W\u00fcrttemberg, Stiftung Landesbank Baden-W\u00fcrttemberg, Ritter Sport und Oberwelt e.V.<\/p><\/div>\",\r\n          \"align\": \"top\",\r\n          \"row\": -1,\r\n          \"col\": 3,\r\n          \"colspan\": 6,\r\n          \"offsetx\": 0,\r\n          \"offsety\": 0,\r\n          \"spaceabove\": 0,\r\n          \"spacebelow\": 4,\r\n          \"yvel\": 1,\r\n          \"push\": 3,\r\n          \"relid\": 9,\r\n          \"absolute_position\": false\r\n        }\r\n      ],\r\n      \"align\": \"top\",\r\n      \"row\": 0,\r\n      \"col\": 0,\r\n      \"colspan\": 12,\r\n      \"offsetx\": 0,\r\n      \"offsety\": 0,\r\n      \"spaceabove\": 0,\r\n      \"spacebelow\": 0,\r\n      \"yvel\": 1,\r\n      \"push\": 0,\r\n      \"relid\": 189,\r\n      \"frameOverflow\": \"\",\r\n      \"absolute_position\": true\r\n    }\r\n  ]\r\n}","phonegrid":"{\r\n  \"colCount\": 1,\r\n  \"colGutter\": 1,\r\n  \"rowGutters\": [\r\n    5,\r\n    5\r\n  ],\r\n  \"frameMargin\": 5,\r\n  \"topFrameMargin\": 5,\r\n  \"rightFrameMargin\": 5,\r\n  \"bottomFrameMargin\": 20,\r\n  \"leftFrameMargin\": 5,\r\n  \"mus\": {\r\n    \"colGutterMu\": \"%\",\r\n    \"rowGutterMu\": \"%\",\r\n    \"topFrameMu\": \"%\",\r\n    \"bottomFrameMu\": \"%\",\r\n    \"frameMu\": \"%\"\r\n  },\r\n  \"rowAttrs\": [\r\n    {\r\n      \"relid\": 2\r\n    },\r\n    {\r\n      \"relid\": 3\r\n    },\r\n    {\r\n      \"relid\": 4\r\n    }\r\n  ],\r\n  \"bgColor\": null,\r\n  \"bgImage\": null,\r\n  \"cont\": [\r\n    {\r\n      \"type\": \"text\",\r\n      \"cont\": \"<div class=\\\"\\\">Ein Herz ist<\/div><div class=\\\"\\\"><span class=\\\"\\\">02.04. \u2013 15.04.2023<\/span><\/div><div class=\\\"\\\"><span class=\\\"\\\">Galerie Oberwelt, Stuttgart<\/span><\/div><p>Gestaltung: Studio Tillack Kn\u00f6ll<\/p><h1 class=\\\"_TITEL\\\">\u00a0<\/h1><p><a class=\\\"laynextproject\\\" href=\\\"https:\/\/jochenwagner.net\/?p=725\\\" data-type=\\\"project\\\" data-id=\\\"725\\\" data-title=\\\"APK\\\" data-catid=\\\"[4]\\\" data-hoverimageid=\\\"595\\\" data-hoverimagesmallsrc=\\\"\/wp-content\/uploads\/2022\/11\/ABK_221012_FastFaustgross_Adaptionen_Instagrampost_1_1080x1080-265x265.jpeg\\\" data-hoverimagetype=\\\"image\\\">\u2192<\/a><\/p><h1 class=\\\"_TITEL\\\"><a class=\\\"layprevproject\\\" href=\\\"#layprevproject\\\" data-type=\\\"project\\\" data-id=\\\"453\\\" data-title=\\\"art_2014_01_afropunk_ls art_2014_01_afropunk_rs\\\" data-catid=\\\"[1]\\\" data-hoverimageid=\\\"616\\\" data-hoverimagesmallsrc=\\\"\/wp-content\/uploads\/2023\/04\/sitting_in_a_tin_can_EINLADUNG1-265x265.jpg\\\" data-hoverimagetype=\\\"image\\\">\u2190<\/a><\/h1><p>\u00a0<\/p>\",\r\n      \"align\": \"bottom\",\r\n      \"row\": 0,\r\n      \"col\": 0,\r\n      \"colspan\": 1,\r\n      \"offsetx\": 0,\r\n      \"offsety\": 0,\r\n      \"spaceabove\": 0,\r\n      \"spacebelow\": 0,\r\n      \"yvel\": 1,\r\n      \"push\": 0,\r\n      \"relid\": 6,\r\n      \"absolute_position\": false\r\n    },\r\n    {\r\n      \"type\": \"img\",\r\n      \"cont\": \"\/wp-content\/uploads\/2023\/04\/Ein_Herz_ist_01.jpg\",\r\n      \"align\": \"bottom\",\r\n      \"row\": 1,\r\n      \"col\": 0,\r\n      \"colspan\": 1,\r\n      \"offsetx\": 0,\r\n      \"offsety\": 0,\r\n      \"spaceabove\": 0,\r\n      \"spacebelow\": 0,\r\n      \"yvel\": 1,\r\n      \"push\": 0,\r\n      \"relid\": 23,\r\n      \"attid\": 617,\r\n      \"sizes\": {\r\n        \"full\": \"\/wp-content\/uploads\/2023\/04\/Ein_Herz_ist_01.jpg\",\r\n        \"_1024\": \"\/wp-content\/uploads\/2023\/04\/Ein_Herz_ist_01-1024x738.jpg\",\r\n        \"_768\": \"\/wp-content\/uploads\/2023\/04\/Ein_Herz_ist_01-768x554.jpg\",\r\n        \"_512\": \"\/wp-content\/uploads\/2023\/04\/Ein_Herz_ist_01-512x369.jpg\",\r\n        \"_265\": \"\/wp-content\/uploads\/2023\/04\/Ein_Herz_ist_01-265x191.jpg\"\r\n      },\r\n      \"w\": 1212,\r\n      \"h\": 874,\r\n      \"ar\": 0.7211221122112211,\r\n      \"alt\": \"\",\r\n      \"absolute_position\": false\r\n    },\r\n    {\r\n      \"type\": \"text\",\r\n      \"cont\": \"<div class=\\\"\\\"><p>AUSSTELLUNG UND BUCHPR\u00c4SENTATION DER MEISTERSCH\u00dcLER*INNEN DES JAHRGANGS 2020: \u201eEIN HERZ IST\u201c<\/p><p>Galerie Oberwelt e.V., Reinsburgstra\u00dfe 93, 70197 Stuttgart<\/p><p>\u00a0<\/p><p>In dem sechsten Band aus der Reihe \u201ePublikationen der Meistersch\u00fcler*innen der Bildenden Kunst der Staatlichen Akademie der Bildenden K\u00fcnste Stuttgart\u201c pr\u00e4sentieren Javier Klaus Gastelum, Lisa Granada, Anette C. Halm, Jaewon Park, Patricia Paryz, Jochen Wagner und Linda Wei\u00df ihre Arbeiten, welche im Rahmen des postgraduierten Wei\u00dfenhof-Programms entstanden sind.<\/p><p>\u00a0<\/p><p>Die Publikation kn\u00fcpft damit an die erfolgreiche Projektpr\u00e4sentation an, die in der Villa Merkel gezeigt wurde.<\/p><p>\u00a0<\/p><p>Er\u00f6ffnung: Samstag, 1. April 2023, 18 Uhr<br \/>Lach-Yoga mit Patricia Paryz: 18:30 Uhr <br \/>Laufzeit: 02.04.\u201315.04.2023<br \/>\u00d6ffnungszeiten nach Vereinbarung<\/p><p>\u00a0<\/p><p>Mit freundlicher Unterst\u00fctzung des Ministeriums f\u00fcr Wissenschaft, Forschung und Kunst Baden-W\u00fcrttemberg, Stiftung Landesbank Baden-W\u00fcrttemberg, Ritter Sport und Oberwelt e.V.<\/p><\/div>\",\r\n      \"align\": \"bottom\",\r\n      \"row\": 2,\r\n      \"col\": 0,\r\n      \"colspan\": 1,\r\n      \"offsetx\": 0,\r\n      \"offsety\": 0,\r\n      \"spaceabove\": 0,\r\n      \"spacebelow\": 0,\r\n      \"yvel\": 1,\r\n      \"push\": 0,\r\n      \"relid\": 9,\r\n      \"absolute_position\": false\r\n    }\r\n  ]\r\n}","_links":{"self":[{"href":"https:\/\/jochenwagner.net\/index.php?rest_route=\/wp\/v2\/posts\/731","targetHints":{"allow":["GET"]}}],"collection":[{"href":"https:\/\/jochenwagner.net\/index.php?rest_route=\/wp\/v2\/posts"}],"about":[{"href":"https:\/\/jochenwagner.net\/index.php?rest_route=\/wp\/v2\/types\/post"}],"author":[{"embeddable":true,"href":"https:\/\/jochenwagner.net\/index.php?rest_route=\/wp\/v2\/users\/1"}],"replies":[{"embeddable":true,"href":"https:\/\/jochenwagner.net\/index.php?rest_route=%2Fwp%2Fv2%2Fcomments&post=731"}],"version-history":[{"count":0,"href":"https:\/\/jochenwagner.net\/index.php?rest_route=\/wp\/v2\/posts\/731\/revisions"}],"wp:featuredmedia":[{"embeddable":true,"href":"https:\/\/jochenwagner.net\/index.php?rest_route=\/wp\/v2\/media\/617"}],"wp:attachment":[{"href":"https:\/\/jochenwagner.net\/index.php?rest_route=%2Fwp%2Fv2%2Fmedia&parent=731"}],"wp:term":[{"taxonomy":"category","embeddable":true,"href":"https:\/\/jochenwagner.net\/index.php?rest_route=%2Fwp%2Fv2%2Fcategories&post=731"},{"taxonomy":"post_tag","embeddable":true,"href":"https:\/\/jochenwagner.net\/index.php?rest_route=%2Fwp%2Fv2%2Ftags&post=731"}],"curies":[{"name":"wp","href":"https:\/\/api.w.org\/{rel}","templated":true}]}}