{"id":734,"date":"2024-01-20T10:08:33","date_gmt":"2024-01-20T10:08:33","guid":{"rendered":"https:\/\/jochenwagner.net\/?p=734"},"modified":"2024-01-20T11:22:49","modified_gmt":"2024-01-20T11:22:49","slug":"8-songs-2-2-2-2-2-3-2-2-2-2-2-2-2-2-2-2-copy-copy-copy-copy-copy-copy","status":"publish","type":"post","link":"https:\/\/jochenwagner.net\/?p=734","title":{"rendered":"HOW TO ACCESS ART ?!"},"content":{"rendered":"","protected":false},"excerpt":{"rendered":"","protected":false},"author":1,"featured_media":569,"comment_status":"closed","ping_status":"closed","sticky":false,"template":"","format":"standard","meta":[],"categories":[4],"tags":[],"class_list":["post-734","post","type-post","status-publish","has-post-thumbnail","hentry","category-ausstellungen"],"grid":"{\r\n  \"colCount\": 12,\r\n  \"colGutter\": 1,\r\n  \"rowGutters\": [],\r\n  \"frameMargin\": 2,\r\n  \"topFrameMargin\": 40,\r\n  \"bottomFrameMargin\": 50,\r\n  \"rowAttrs\": [\r\n    {\r\n      \"row100vh\": true,\r\n      \"relid\": 1\r\n    }\r\n  ],\r\n  \"bgColor\": null,\r\n  \"cont\": [\r\n    {\r\n      \"type\": \"stack\",\r\n      \"cont\": [\r\n        {\r\n          \"type\": \"text\",\r\n          \"cont\": \"<div class=\\\"\\\">HOW TO ACCESS ART ?!<\/div><div class=\\\"\\\">01.10. \u2013 05.12.2021<br \/>St\u00e4dtische Galerie Villingen-Schwenningen<br \/><br \/><\/div><h1 class=\\\"_TITEL\\\">\u00a0<\/h1><p><a class=\\\"laynextproject\\\" href=\\\"https:\/\/jochenwagner.net\/?p=725\\\" data-type=\\\"project\\\" data-id=\\\"725\\\" data-title=\\\"APK\\\" data-catid=\\\"[4]\\\" data-hoverimageid=\\\"561\\\" data-hoverimagesmallsrc=\\\"\/wp-content\/uploads\/2021\/06\/2021-06-23_Ausstellung_Mute_Klasse_Boller_web-265x141.jpg\\\" data-hoverimagetype=\\\"image\\\">\u2192<\/a><\/p><h1 class=\\\"_TITEL\\\"><a class=\\\"layprevproject\\\" href=\\\"#layprevproject\\\" data-type=\\\"project\\\" data-id=\\\"453\\\" data-title=\\\"art_2014_01_afropunk_ls art_2014_01_afropunk_rs\\\" data-catid=\\\"[1]\\\" data-hoverimageid=\\\"594\\\" data-hoverimagesmallsrc=\\\"\/wp-content\/uploads\/2022\/06\/Flyer_2X34_1-265x376.jpg\\\" data-hoverimagetype=\\\"image\\\">\u2190<\/a><\/h1><p>\u00a0<\/p>\",\r\n          \"align\": \"top\",\r\n          \"row\": -1,\r\n          \"col\": 0,\r\n          \"colspan\": 6,\r\n          \"offsetx\": 0,\r\n          \"offsety\": 0,\r\n          \"spaceabove\": 0,\r\n          \"spacebelow\": 0,\r\n          \"yvel\": 1,\r\n          \"push\": 0,\r\n          \"relid\": 6,\r\n          \"absolute_position\": false\r\n        },\r\n        {\r\n          \"type\": \"img\",\r\n          \"cont\": \"\/wp-content\/uploads\/2021\/11\/20210907-Plakat-htaa-statisch-web.jpg\",\r\n          \"align\": \"top\",\r\n          \"row\": -1,\r\n          \"col\": 4,\r\n          \"colspan\": 5,\r\n          \"offsetx\": 0,\r\n          \"offsety\": 0,\r\n          \"spaceabove\": 0,\r\n          \"spacebelow\": 4,\r\n          \"yvel\": 1,\r\n          \"push\": 4,\r\n          \"relid\": 20,\r\n          \"attid\": 569,\r\n          \"sizes\": {\r\n            \"full\": \"\/wp-content\/uploads\/2021\/11\/20210907-Plakat-htaa-statisch-web.jpg\",\r\n            \"_512\": \"\/wp-content\/uploads\/2021\/11\/20210907-Plakat-htaa-statisch-web-512x725.jpg\",\r\n            \"_265\": \"\/wp-content\/uploads\/2021\/11\/20210907-Plakat-htaa-statisch-web-265x375.jpg\"\r\n          },\r\n          \"w\": 725,\r\n          \"h\": 1027,\r\n          \"ar\": 1.416551724137931,\r\n          \"alt\": \"\",\r\n          \"absolute_position\": false\r\n        },\r\n        {\r\n          \"type\": \"text\",\r\n          \"cont\": \"<p><strong>\u2780 HOW TO ACCESS ART?<\/strong> \u2781 Eine Ortsbegehung der St\u00e4dtischen Galerie Villingen-Schwenningen mit Lennart Cleemann, Hannah Cooke, Javier Klaus Gastelum, Schirin Kretschmann, Agnes M\u00fcller und Jochen Wagner. \u2782 Die Ausstellung HOW TO ACCESS ART? zeigt Arbeiten von sechs K\u00fcnstler:innen, welche die ehemalige Unternehmervilla von Jakob Kienzle in Hinblick auf ihre architektonischen, gesellschaftlichen, historischen und politischen Gegebenheiten untersucht haben. \u2783 In eigens f\u00fcr die St\u00e4dtische Galerie geschaffenen, ortsspezifischen Werken wird dabei die Zug\u00e4nglichkeit zur Kunst in den Fokus der Ausstellung ger\u00fcckt: Wie und von wem kann Kunst wahrgenommen werden? Welche physischen und mentalen H\u00fcrden m\u00fcssen daf\u00fcr \u00fcberwunden werden? Welche Rolle spielen Geschichte, Grundriss und gesellschaftlicher Kontext eines Geb\u00e4udes, das sich von einer Privatvilla zu einem Ausstellungshaus entwickelte, f\u00fcr die Rezeption von Kunst? \u2784 Im Rahmen ihrer Ortsbegehung diskutieren die K\u00fcnstler*innen in ihrer jeweiligen Bildsprache die Bedeutung von Institution, Dynamik, Hierarchie oder Geschlechterrollen im musealen und \u00f6ffentlichen Raum.<\/p><p>\u00a0<\/p><p><a rel=\\\"noopener\\\" href=\\\"https:\/\/www.howtoaccessart-vs.de\\\" target=\\\"_blank\\\">https:\/\/www.howtoaccessart-vs.de<\/a><\/p>\",\r\n          \"align\": \"middle\",\r\n          \"row\": -1,\r\n          \"col\": 3,\r\n          \"colspan\": 7,\r\n          \"offsetx\": 0,\r\n          \"offsety\": 0,\r\n          \"spaceabove\": 0,\r\n          \"spacebelow\": 0,\r\n          \"yvel\": 1,\r\n          \"push\": 3,\r\n          \"relid\": 21,\r\n          \"absolute_position\": false\r\n        }\r\n      ],\r\n      \"align\": \"top\",\r\n      \"row\": 0,\r\n      \"col\": 0,\r\n      \"colspan\": 12,\r\n      \"offsetx\": 0,\r\n      \"offsety\": 0,\r\n      \"spaceabove\": 0,\r\n      \"spacebelow\": 0,\r\n      \"yvel\": 1,\r\n      \"push\": 0,\r\n      \"relid\": 189,\r\n      \"frameOverflow\": \"\",\r\n      \"absolute_position\": true\r\n    }\r\n  ]\r\n}","phonegrid":"{\r\n  \"colCount\": 1,\r\n  \"colGutter\": 1,\r\n  \"rowGutters\": [\r\n    5,\r\n    5\r\n  ],\r\n  \"frameMargin\": 5,\r\n  \"topFrameMargin\": 5,\r\n  \"rightFrameMargin\": 5,\r\n  \"bottomFrameMargin\": 20,\r\n  \"leftFrameMargin\": 5,\r\n  \"mus\": {\r\n    \"colGutterMu\": \"%\",\r\n    \"rowGutterMu\": \"%\",\r\n    \"topFrameMu\": \"%\",\r\n    \"bottomFrameMu\": \"%\",\r\n    \"frameMu\": \"%\"\r\n  },\r\n  \"rowAttrs\": [\r\n    {\r\n      \"relid\": 22\r\n    },\r\n    {\r\n      \"relid\": 24\r\n    },\r\n    {\r\n      \"relid\": 25\r\n    }\r\n  ],\r\n  \"bgColor\": null,\r\n  \"bgImage\": null,\r\n  \"cont\": [\r\n    {\r\n      \"type\": \"text\",\r\n      \"cont\": \"<div class=\\\"\\\">HOW TO ACCESS ART ?!<\/div><div class=\\\"\\\">01.10. \u2013 05.12.2021<br \/>St\u00e4dtische Galerie Villingen-Schwenningen<br \/><br \/><\/div><h1 class=\\\"_TITEL\\\">\u00a0<\/h1><p><a class=\\\"laynextproject\\\" href=\\\"https:\/\/jochenwagner.net\/?p=725\\\" data-type=\\\"project\\\" data-id=\\\"725\\\" data-title=\\\"APK\\\" data-catid=\\\"[4]\\\" data-hoverimageid=\\\"561\\\" data-hoverimagesmallsrc=\\\"\/wp-content\/uploads\/2021\/06\/2021-06-23_Ausstellung_Mute_Klasse_Boller_web-265x141.jpg\\\" data-hoverimagetype=\\\"image\\\">\u2192<\/a><\/p><h1 class=\\\"_TITEL\\\"><a class=\\\"layprevproject\\\" href=\\\"#layprevproject\\\" data-type=\\\"project\\\" data-id=\\\"453\\\" data-title=\\\"art_2014_01_afropunk_ls art_2014_01_afropunk_rs\\\" data-catid=\\\"[1]\\\" data-hoverimageid=\\\"594\\\" data-hoverimagesmallsrc=\\\"\/wp-content\/uploads\/2022\/06\/Flyer_2X34_1-265x376.jpg\\\" data-hoverimagetype=\\\"image\\\">\u2190<\/a><\/h1><p>\u00a0<\/p>\",\r\n      \"align\": \"bottom\",\r\n      \"row\": 0,\r\n      \"col\": 0,\r\n      \"colspan\": 1,\r\n      \"offsetx\": 0,\r\n      \"offsety\": 0,\r\n      \"spaceabove\": 0,\r\n      \"spacebelow\": 0,\r\n      \"yvel\": 1,\r\n      \"push\": 0,\r\n      \"relid\": 6,\r\n      \"absolute_position\": false\r\n    },\r\n    {\r\n      \"type\": \"img\",\r\n      \"cont\": \"\/wp-content\/uploads\/2021\/11\/20210907-Plakat-htaa-statisch-web.jpg\",\r\n      \"align\": \"bottom\",\r\n      \"row\": 1,\r\n      \"col\": 0,\r\n      \"colspan\": 1,\r\n      \"offsetx\": 0,\r\n      \"offsety\": 0,\r\n      \"spaceabove\": 0,\r\n      \"spacebelow\": 0,\r\n      \"yvel\": 1,\r\n      \"push\": 0,\r\n      \"relid\": 20,\r\n      \"attid\": 569,\r\n      \"sizes\": {\r\n        \"full\": \"\/wp-content\/uploads\/2021\/11\/20210907-Plakat-htaa-statisch-web.jpg\",\r\n        \"_512\": \"\/wp-content\/uploads\/2021\/11\/20210907-Plakat-htaa-statisch-web-512x725.jpg\",\r\n        \"_265\": \"\/wp-content\/uploads\/2021\/11\/20210907-Plakat-htaa-statisch-web-265x375.jpg\"\r\n      },\r\n      \"w\": 725,\r\n      \"h\": 1027,\r\n      \"ar\": 1.416551724137931,\r\n      \"alt\": \"\",\r\n      \"absolute_position\": false\r\n    },\r\n    {\r\n      \"type\": \"text\",\r\n      \"cont\": \"<p><strong>\u2780 HOW TO ACCESS ART?<\/strong> \u2781 Eine Ortsbegehung der St\u00e4dtischen Galerie Villingen-Schwenningen mit Lennart Cleemann, Hannah Cooke, Javier Klaus Gastelum, Schirin Kretschmann, Agnes M\u00fcller und Jochen Wagner. \u2782 Die Ausstellung HOW TO ACCESS ART? zeigt Arbeiten von sechs K\u00fcnstler:innen, welche die ehemalige Unternehmervilla von Jakob Kienzle in Hinblick auf ihre architektonischen, gesellschaftlichen, historischen und politischen Gegebenheiten untersucht haben. \u2783 In eigens f\u00fcr die St\u00e4dtische Galerie geschaffenen, ortsspezifischen Werken wird dabei die Zug\u00e4nglichkeit zur Kunst in den Fokus der Ausstellung ger\u00fcckt: Wie und von wem kann Kunst wahrgenommen werden? Welche physischen und mentalen H\u00fcrden m\u00fcssen daf\u00fcr \u00fcberwunden werden? Welche Rolle spielen Geschichte, Grundriss und gesellschaftlicher Kontext eines Geb\u00e4udes, das sich von einer Privatvilla zu einem Ausstellungshaus entwickelte, f\u00fcr die Rezeption von Kunst? \u2784 Im Rahmen ihrer Ortsbegehung diskutieren die K\u00fcnstler*innen in ihrer jeweiligen Bildsprache die Bedeutung von Institution, Dynamik, Hierarchie oder Geschlechterrollen im musealen und \u00f6ffentlichen Raum.<\/p><p>\u00a0<\/p><p><a rel=\\\"noopener\\\" href=\\\"https:\/\/www.howtoaccessart-vs.de\\\" target=\\\"_blank\\\">https:\/\/www.howtoaccessart-vs.de<\/a><\/p>\",\r\n      \"align\": \"bottom\",\r\n      \"row\": 2,\r\n      \"col\": 0,\r\n      \"colspan\": 1,\r\n      \"offsetx\": 0,\r\n      \"offsety\": 0,\r\n      \"spaceabove\": 0,\r\n      \"spacebelow\": 0,\r\n      \"yvel\": 1,\r\n      \"push\": 0,\r\n      \"relid\": 21,\r\n      \"absolute_position\": false\r\n    }\r\n  ]\r\n}","_links":{"self":[{"href":"https:\/\/jochenwagner.net\/index.php?rest_route=\/wp\/v2\/posts\/734","targetHints":{"allow":["GET"]}}],"collection":[{"href":"https:\/\/jochenwagner.net\/index.php?rest_route=\/wp\/v2\/posts"}],"about":[{"href":"https:\/\/jochenwagner.net\/index.php?rest_route=\/wp\/v2\/types\/post"}],"author":[{"embeddable":true,"href":"https:\/\/jochenwagner.net\/index.php?rest_route=\/wp\/v2\/users\/1"}],"replies":[{"embeddable":true,"href":"https:\/\/jochenwagner.net\/index.php?rest_route=%2Fwp%2Fv2%2Fcomments&post=734"}],"version-history":[{"count":0,"href":"https:\/\/jochenwagner.net\/index.php?rest_route=\/wp\/v2\/posts\/734\/revisions"}],"wp:featuredmedia":[{"embeddable":true,"href":"https:\/\/jochenwagner.net\/index.php?rest_route=\/wp\/v2\/media\/569"}],"wp:attachment":[{"href":"https:\/\/jochenwagner.net\/index.php?rest_route=%2Fwp%2Fv2%2Fmedia&parent=734"}],"wp:term":[{"taxonomy":"category","embeddable":true,"href":"https:\/\/jochenwagner.net\/index.php?rest_route=%2Fwp%2Fv2%2Fcategories&post=734"},{"taxonomy":"post_tag","embeddable":true,"href":"https:\/\/jochenwagner.net\/index.php?rest_route=%2Fwp%2Fv2%2Ftags&post=734"}],"curies":[{"name":"wp","href":"https:\/\/api.w.org\/{rel}","templated":true}]}}