{"id":736,"date":"2024-01-20T10:17:22","date_gmt":"2024-01-20T10:17:22","guid":{"rendered":"https:\/\/jochenwagner.net\/?p=736"},"modified":"2024-01-20T11:23:14","modified_gmt":"2024-01-20T11:23:14","slug":"8-songs-2-2-2-2-2-3-2-2-2-2-2-2-2-2-2-2-copy-copy-copy-copy-copy-copy-copy","status":"publish","type":"post","link":"https:\/\/jochenwagner.net\/?p=736","title":{"rendered":"MUTE"},"content":{"rendered":"","protected":false},"excerpt":{"rendered":"","protected":false},"author":1,"featured_media":561,"comment_status":"closed","ping_status":"closed","sticky":false,"template":"","format":"standard","meta":[],"categories":[4],"tags":[],"class_list":["post-736","post","type-post","status-publish","has-post-thumbnail","hentry","category-ausstellungen"],"grid":"{\r\n  \"colCount\": 12,\r\n  \"colGutter\": 1,\r\n  \"rowGutters\": [],\r\n  \"frameMargin\": 2,\r\n  \"topFrameMargin\": 40,\r\n  \"bottomFrameMargin\": 50,\r\n  \"rowAttrs\": [\r\n    {\r\n      \"row100vh\": true,\r\n      \"relid\": 1\r\n    }\r\n  ],\r\n  \"bgColor\": null,\r\n  \"cont\": [\r\n    {\r\n      \"type\": \"stack\",\r\n      \"cont\": [\r\n        {\r\n          \"type\": \"text\",\r\n          \"cont\": \"<div class=\\\"\\\">MUTE<\/div><div class=\\\"\\\"><span>23.06. - 04.07.2021\u00a0<\/span><br class=\\\"\\\" \/><span>White Noise &amp; <\/span><span>Raum Neckarstra\u00dfe 127, Stuttgart<\/span><br \/><br \/><\/div><h1 class=\\\"_TITEL\\\">\u00a0<\/h1><p><a class=\\\"laynextproject\\\" href=\\\"https:\/\/jochenwagner.net\/?p=725\\\" data-type=\\\"project\\\" data-id=\\\"725\\\" data-title=\\\"APK\\\" data-catid=\\\"[4]\\\" data-hoverimageid=\\\"738\\\" data-hoverimagesmallsrc=\\\"\/wp-content\/uploads\/2024\/01\/Sieben.jpg\\\" data-hoverimagetype=\\\"image\\\">\u2192<\/a><\/p><h1 class=\\\"_TITEL\\\"><a class=\\\"layprevproject\\\" href=\\\"#layprevproject\\\" data-type=\\\"project\\\" data-id=\\\"453\\\" data-title=\\\"art_2014_01_afropunk_ls art_2014_01_afropunk_rs\\\" data-catid=\\\"[1]\\\" data-hoverimageid=\\\"569\\\" data-hoverimagesmallsrc=\\\"\/wp-content\/uploads\/2021\/11\/20210907-Plakat-htaa-statisch-web-265x375.jpg\\\" data-hoverimagetype=\\\"image\\\">\u2190<\/a><\/h1><p>\u00a0<\/p>\",\r\n          \"align\": \"top\",\r\n          \"row\": -1,\r\n          \"col\": 0,\r\n          \"colspan\": 6,\r\n          \"offsetx\": 0,\r\n          \"offsety\": 0,\r\n          \"spaceabove\": 0,\r\n          \"spacebelow\": 0,\r\n          \"yvel\": 1,\r\n          \"push\": 0,\r\n          \"relid\": 6,\r\n          \"absolute_position\": false\r\n        },\r\n        {\r\n          \"type\": \"img\",\r\n          \"cont\": \"\/wp-content\/uploads\/2021\/06\/2021-06-23_Ausstellung_Mute_Klasse_Boller_web.jpg\",\r\n          \"align\": \"top\",\r\n          \"row\": -1,\r\n          \"col\": 4,\r\n          \"colspan\": 5,\r\n          \"offsetx\": 0,\r\n          \"offsety\": 0,\r\n          \"spaceabove\": 0,\r\n          \"spacebelow\": 4,\r\n          \"yvel\": 1,\r\n          \"push\": 4,\r\n          \"relid\": 20,\r\n          \"attid\": 561,\r\n          \"sizes\": {\r\n            \"full\": \"\/wp-content\/uploads\/2021\/06\/2021-06-23_Ausstellung_Mute_Klasse_Boller_web.jpg\",\r\n            \"_1920\": \"\/wp-content\/uploads\/2021\/06\/2021-06-23_Ausstellung_Mute_Klasse_Boller_web-1920x1021.jpg\",\r\n            \"_1280\": \"\/wp-content\/uploads\/2021\/06\/2021-06-23_Ausstellung_Mute_Klasse_Boller_web-1280x681.jpg\",\r\n            \"_1024\": \"\/wp-content\/uploads\/2021\/06\/2021-06-23_Ausstellung_Mute_Klasse_Boller_web-1024x545.jpg\",\r\n            \"_768\": \"\/wp-content\/uploads\/2021\/06\/2021-06-23_Ausstellung_Mute_Klasse_Boller_web-768x409.jpg\",\r\n            \"_512\": \"\/wp-content\/uploads\/2021\/06\/2021-06-23_Ausstellung_Mute_Klasse_Boller_web-512x272.jpg\",\r\n            \"_265\": \"\/wp-content\/uploads\/2021\/06\/2021-06-23_Ausstellung_Mute_Klasse_Boller_web-265x141.jpg\"\r\n          },\r\n          \"w\": 2500,\r\n          \"h\": 1330,\r\n          \"ar\": 0.532,\r\n          \"alt\": \"\",\r\n          \"absolute_position\": false\r\n        },\r\n        {\r\n          \"type\": \"text\",\r\n          \"cont\": \"<p><b class=\\\"\\\">MUTE<\/b><br class=\\\"\\\" \/><br class=\\\"\\\" \/><span>Eine Ausstellung von Studierenden der Klasse Prof. Reto Boller<\/span><br class=\\\"\\\" \/><span>23.06. - 04.07.2021\u00a0<\/span><br class=\\\"\\\" \/><span>White Noise, Eberhardstra\u00dfe 37, 70173 Stuttgart\u00a0&amp;<\/span><br class=\\\"\\\" \/><span>Raum, Neckarstra\u00dfe 127, 70190 Stuttgart<\/span><br class=\\\"\\\" \/><br class=\\\"\\\" \/><i class=\\\"\\\">Lieber Reto,<br class=\\\"\\\" \/>ich\u00a0hoffe, dir geht es gut. Mir geht es gut, ich wohne mit sieben tollen\u00a0Menschen zusammen und wir verbringen viel Zeit miteinander. So wirklich\u00a0produktiv war ich nicht in letzter Zeit,\u00a0aber ich habe ein paar Tests\u00a0gemacht und Vorstellungen entwickelt von Arbeiten, die ich gerne\u00a0umsetzen m\u00f6chte. Leider fehlt mir hier gr\u00f6\u00dftenteils das Material (und\u00a0die letzten\u00a0Wochen auch eine sinnvolle Tagesstruktur). Mir fehlt die Aka\u00a0allgemein langsam echt.\u00a0<\/i><br class=\\\"\\\" \/><br class=\\\"\\\" \/><span>Ein stillgelegter Club, ein\u00a0leerger\u00e4umtes Ladenlokal. Zwei Orte in der Stuttgarter Innenstadt, die\u00a0sinnbildlich f\u00fcr die vergangenen 15 Monate stehen. In diesen R\u00e4umen\u00a0werden\u00a0Arbeiten zu sehen sein, die an verschiedensten Orten und unter\u00a0ungew\u00f6hnlichen Umst\u00e4nden entstanden sind. Abseits des vertrauten\u00a0Arbeitsumfeldes wurden\u00a0Klassenbesprechungen durch schriftlichen\u00a0Austausch oder digitale Treffen ersetzt.<\/span><br class=\\\"\\\" \/><span>Das Zusammentragen der Werke wird zu einem besonderen Moment.<\/span><br class=\\\"\\\" \/><span>Geblieben\u00a0ist der individuelle Ansatz aller Studierenden, der auch in einer\u00a0gemeinsamen Klassenausstellung \u00fcber einer allgemeinen Thematik steht.<\/span><br class=\\\"\\\" \/><br class=\\\"\\\" \/><span>Beteiligte:<\/span><br class=\\\"\\\" \/><span>Edna\u00a0Al-Najar \/ Jakob Bareiss \/ Anna Baumg\u00e4rtner \/ Lukas Beyer \/ Reto Boller\u00a0\/ Tim Burhop \/ Ahyun Cho \/ Kai Fischer \/ Marla Fischinger \/ Benjamin\u00a0Gr\u00e4bner \/ Benjamin H\u00f6nsch \/\u00a0Hyein Kim \/ Benjamin Koglin \/ Paulina Lange \/\u00a0Elisa Lohm\u00fcller \/ Daniel Mijic \/ Fabian Widukind Penzkofer \/ Felix\u00a0Plankenhorn\/ Jenny Reininger \/ Sophia Sadzakov \/ Isabel Stoffel \/\u00a0Ivan\u00a0Syrov \/ Jule Umlauf \/ Jochen Wagner<\/span><br class=\\\"\\\" \/><br class=\\\"\\\" \/><span>Laufzeit: 23.06.\u201304.07. 2021<\/span><br class=\\\"\\\" \/><span>Mi, 23.06., 16\u201320 Uhr<\/span><br class=\\\"\\\" \/><span>Mo\u2013Fr 14\u201318 Uhr + Sa\u2013So 12\u201318 Uhr<\/span><br class=\\\"\\\" \/><br class=\\\"\\\" \/><i class=\\\"\\\">Hallo Reto,<br class=\\\"\\\" \/>bei\u00a0allen \u00dcbeln, bin ich doch sehr gut ins Arbeiten gekommen, schwanke\u00a0zwischen Schreiben und Sticken und bin ansonsten im Garten mit dem\u00a0Anlegen von Beeten und dem\u00a0Anbau diverser Gem\u00fcse besch\u00e4ftigt.<\/i><\/p><p>\u00a0<\/p>\",\r\n          \"align\": \"middle\",\r\n          \"row\": -1,\r\n          \"col\": 3,\r\n          \"colspan\": 7,\r\n          \"offsetx\": 0,\r\n          \"offsety\": 0,\r\n          \"spaceabove\": 0,\r\n          \"spacebelow\": 0,\r\n          \"yvel\": 1,\r\n          \"push\": 3,\r\n          \"relid\": 21,\r\n          \"absolute_position\": false\r\n        }\r\n      ],\r\n      \"align\": \"top\",\r\n      \"row\": 0,\r\n      \"col\": 0,\r\n      \"colspan\": 12,\r\n      \"offsetx\": 0,\r\n      \"offsety\": 0,\r\n      \"spaceabove\": 0,\r\n      \"spacebelow\": 0,\r\n      \"yvel\": 1,\r\n      \"push\": 0,\r\n      \"relid\": 189,\r\n      \"frameOverflow\": \"\",\r\n      \"absolute_position\": true\r\n    }\r\n  ]\r\n}","phonegrid":"{\r\n  \"colCount\": 1,\r\n  \"colGutter\": 1,\r\n  \"rowGutters\": [\r\n    5,\r\n    5\r\n  ],\r\n  \"frameMargin\": 5,\r\n  \"topFrameMargin\": 5,\r\n  \"rightFrameMargin\": 5,\r\n  \"bottomFrameMargin\": 20,\r\n  \"leftFrameMargin\": 5,\r\n  \"mus\": {\r\n    \"colGutterMu\": \"%\",\r\n    \"rowGutterMu\": \"%\",\r\n    \"topFrameMu\": \"%\",\r\n    \"bottomFrameMu\": \"%\",\r\n    \"frameMu\": \"%\"\r\n  },\r\n  \"rowAttrs\": [\r\n    {\r\n      \"relid\": 5\r\n    },\r\n    {\r\n      \"relid\": 7\r\n    },\r\n    {\r\n      \"relid\": 8\r\n    }\r\n  ],\r\n  \"bgColor\": null,\r\n  \"bgImage\": null,\r\n  \"cont\": [\r\n    {\r\n      \"type\": \"text\",\r\n      \"cont\": \"<div class=\\\"\\\">MUTE<\/div><div class=\\\"\\\"><span>23.06. - 04.07.2021\u00a0<\/span><br class=\\\"\\\" \/><span>White Noise &amp; <\/span><span>Raum Neckarstra\u00dfe 127, Stuttgart<\/span><br \/><br \/><\/div><h1 class=\\\"_TITEL\\\">\u00a0<\/h1><p><a class=\\\"laynextproject\\\" href=\\\"https:\/\/jochenwagner.net\/?p=725\\\" data-type=\\\"project\\\" data-id=\\\"725\\\" data-title=\\\"APK\\\" data-catid=\\\"[4]\\\" data-hoverimageid=\\\"738\\\" data-hoverimagesmallsrc=\\\"\/wp-content\/uploads\/2024\/01\/Sieben.jpg\\\" data-hoverimagetype=\\\"image\\\">\u2192<\/a><\/p><h1 class=\\\"_TITEL\\\"><a class=\\\"layprevproject\\\" href=\\\"#layprevproject\\\" data-type=\\\"project\\\" data-id=\\\"453\\\" data-title=\\\"art_2014_01_afropunk_ls art_2014_01_afropunk_rs\\\" data-catid=\\\"[1]\\\" data-hoverimageid=\\\"569\\\" data-hoverimagesmallsrc=\\\"\/wp-content\/uploads\/2021\/11\/20210907-Plakat-htaa-statisch-web-265x375.jpg\\\" data-hoverimagetype=\\\"image\\\">\u2190<\/a><\/h1><p>\u00a0<\/p>\",\r\n      \"align\": \"bottom\",\r\n      \"row\": 0,\r\n      \"col\": 0,\r\n      \"colspan\": 1,\r\n      \"offsetx\": 0,\r\n      \"offsety\": 0,\r\n      \"spaceabove\": 0,\r\n      \"spacebelow\": 0,\r\n      \"yvel\": 1,\r\n      \"push\": 0,\r\n      \"relid\": 6,\r\n      \"absolute_position\": false\r\n    },\r\n    {\r\n      \"type\": \"img\",\r\n      \"cont\": \"\/wp-content\/uploads\/2021\/06\/2021-06-23_Ausstellung_Mute_Klasse_Boller_web.jpg\",\r\n      \"align\": \"bottom\",\r\n      \"row\": 1,\r\n      \"col\": 0,\r\n      \"colspan\": 1,\r\n      \"offsetx\": 0,\r\n      \"offsety\": 0,\r\n      \"spaceabove\": 0,\r\n      \"spacebelow\": 0,\r\n      \"yvel\": 1,\r\n      \"push\": 0,\r\n      \"relid\": 20,\r\n      \"attid\": 561,\r\n      \"sizes\": {\r\n        \"full\": \"\/wp-content\/uploads\/2021\/06\/2021-06-23_Ausstellung_Mute_Klasse_Boller_web.jpg\",\r\n        \"_1920\": \"\/wp-content\/uploads\/2021\/06\/2021-06-23_Ausstellung_Mute_Klasse_Boller_web-1920x1021.jpg\",\r\n        \"_1280\": \"\/wp-content\/uploads\/2021\/06\/2021-06-23_Ausstellung_Mute_Klasse_Boller_web-1280x681.jpg\",\r\n        \"_1024\": \"\/wp-content\/uploads\/2021\/06\/2021-06-23_Ausstellung_Mute_Klasse_Boller_web-1024x545.jpg\",\r\n        \"_768\": \"\/wp-content\/uploads\/2021\/06\/2021-06-23_Ausstellung_Mute_Klasse_Boller_web-768x409.jpg\",\r\n        \"_512\": \"\/wp-content\/uploads\/2021\/06\/2021-06-23_Ausstellung_Mute_Klasse_Boller_web-512x272.jpg\",\r\n        \"_265\": \"\/wp-content\/uploads\/2021\/06\/2021-06-23_Ausstellung_Mute_Klasse_Boller_web-265x141.jpg\"\r\n      },\r\n      \"w\": 2500,\r\n      \"h\": 1330,\r\n      \"ar\": 0.532,\r\n      \"alt\": \"\",\r\n      \"absolute_position\": false\r\n    },\r\n    {\r\n      \"type\": \"text\",\r\n      \"cont\": \"<p><b class=\\\"\\\">MUTE<\/b><br class=\\\"\\\" \/><br class=\\\"\\\" \/><span>Eine Ausstellung von Studierenden der Klasse Prof. Reto Boller<\/span><br class=\\\"\\\" \/><span>23.06. - 04.07.2021\u00a0<\/span><br class=\\\"\\\" \/><span>White Noise, Eberhardstra\u00dfe 37, 70173 Stuttgart\u00a0&amp;<\/span><br class=\\\"\\\" \/><span>Raum, Neckarstra\u00dfe 127, 70190 Stuttgart<\/span><br class=\\\"\\\" \/><br class=\\\"\\\" \/><i class=\\\"\\\">Lieber Reto,<br class=\\\"\\\" \/>ich\u00a0hoffe, dir geht es gut. Mir geht es gut, ich wohne mit sieben tollen\u00a0Menschen zusammen und wir verbringen viel Zeit miteinander. So wirklich\u00a0produktiv war ich nicht in letzter Zeit,\u00a0aber ich habe ein paar Tests\u00a0gemacht und Vorstellungen entwickelt von Arbeiten, die ich gerne\u00a0umsetzen m\u00f6chte. Leider fehlt mir hier gr\u00f6\u00dftenteils das Material (und\u00a0die letzten\u00a0Wochen auch eine sinnvolle Tagesstruktur). Mir fehlt die Aka\u00a0allgemein langsam echt.\u00a0<\/i><br class=\\\"\\\" \/><br class=\\\"\\\" \/><span>Ein stillgelegter Club, ein\u00a0leerger\u00e4umtes Ladenlokal. Zwei Orte in der Stuttgarter Innenstadt, die\u00a0sinnbildlich f\u00fcr die vergangenen 15 Monate stehen. In diesen R\u00e4umen\u00a0werden\u00a0Arbeiten zu sehen sein, die an verschiedensten Orten und unter\u00a0ungew\u00f6hnlichen Umst\u00e4nden entstanden sind. Abseits des vertrauten\u00a0Arbeitsumfeldes wurden\u00a0Klassenbesprechungen durch schriftlichen\u00a0Austausch oder digitale Treffen ersetzt.<\/span><br class=\\\"\\\" \/><span>Das Zusammentragen der Werke wird zu einem besonderen Moment.<\/span><br class=\\\"\\\" \/><span>Geblieben\u00a0ist der individuelle Ansatz aller Studierenden, der auch in einer\u00a0gemeinsamen Klassenausstellung \u00fcber einer allgemeinen Thematik steht.<\/span><br class=\\\"\\\" \/><br class=\\\"\\\" \/><span>Beteiligte:<\/span><br class=\\\"\\\" \/><span>Edna\u00a0Al-Najar \/ Jakob Bareiss \/ Anna Baumg\u00e4rtner \/ Lukas Beyer \/ Reto Boller\u00a0\/ Tim Burhop \/ Ahyun Cho \/ Kai Fischer \/ Marla Fischinger \/ Benjamin\u00a0Gr\u00e4bner \/ Benjamin H\u00f6nsch \/\u00a0Hyein Kim \/ Benjamin Koglin \/ Paulina Lange \/\u00a0Elisa Lohm\u00fcller \/ Daniel Mijic \/ Fabian Widukind Penzkofer \/ Felix\u00a0Plankenhorn\/ Jenny Reininger \/ Sophia Sadzakov \/ Isabel Stoffel \/\u00a0Ivan\u00a0Syrov \/ Jule Umlauf \/ Jochen Wagner<\/span><br class=\\\"\\\" \/><br class=\\\"\\\" \/><span>Laufzeit: 23.06.\u201304.07. 2021<\/span><br class=\\\"\\\" \/><span>Mi, 23.06., 16\u201320 Uhr<\/span><br class=\\\"\\\" \/><span>Mo\u2013Fr 14\u201318 Uhr + Sa\u2013So 12\u201318 Uhr<\/span><br class=\\\"\\\" \/><br class=\\\"\\\" \/><i class=\\\"\\\">Hallo Reto,<br class=\\\"\\\" \/>bei\u00a0allen \u00dcbeln, bin ich doch sehr gut ins Arbeiten gekommen, schwanke\u00a0zwischen Schreiben und Sticken und bin ansonsten im Garten mit dem\u00a0Anlegen von Beeten und dem\u00a0Anbau diverser Gem\u00fcse besch\u00e4ftigt.<\/i><\/p><p>\u00a0<\/p>\",\r\n      \"align\": \"bottom\",\r\n      \"row\": 2,\r\n      \"col\": 0,\r\n      \"colspan\": 1,\r\n      \"offsetx\": 0,\r\n      \"offsety\": 0,\r\n      \"spaceabove\": 0,\r\n      \"spacebelow\": 0,\r\n      \"yvel\": 1,\r\n      \"push\": 0,\r\n      \"relid\": 21,\r\n      \"absolute_position\": false\r\n    }\r\n  ]\r\n}","_links":{"self":[{"href":"https:\/\/jochenwagner.net\/index.php?rest_route=\/wp\/v2\/posts\/736","targetHints":{"allow":["GET"]}}],"collection":[{"href":"https:\/\/jochenwagner.net\/index.php?rest_route=\/wp\/v2\/posts"}],"about":[{"href":"https:\/\/jochenwagner.net\/index.php?rest_route=\/wp\/v2\/types\/post"}],"author":[{"embeddable":true,"href":"https:\/\/jochenwagner.net\/index.php?rest_route=\/wp\/v2\/users\/1"}],"replies":[{"embeddable":true,"href":"https:\/\/jochenwagner.net\/index.php?rest_route=%2Fwp%2Fv2%2Fcomments&post=736"}],"version-history":[{"count":0,"href":"https:\/\/jochenwagner.net\/index.php?rest_route=\/wp\/v2\/posts\/736\/revisions"}],"wp:featuredmedia":[{"embeddable":true,"href":"https:\/\/jochenwagner.net\/index.php?rest_route=\/wp\/v2\/media\/561"}],"wp:attachment":[{"href":"https:\/\/jochenwagner.net\/index.php?rest_route=%2Fwp%2Fv2%2Fmedia&parent=736"}],"wp:term":[{"taxonomy":"category","embeddable":true,"href":"https:\/\/jochenwagner.net\/index.php?rest_route=%2Fwp%2Fv2%2Fcategories&post=736"},{"taxonomy":"post_tag","embeddable":true,"href":"https:\/\/jochenwagner.net\/index.php?rest_route=%2Fwp%2Fv2%2Ftags&post=736"}],"curies":[{"name":"wp","href":"https:\/\/api.w.org\/{rel}","templated":true}]}}