{"id":737,"date":"2024-01-20T10:21:25","date_gmt":"2024-01-20T10:21:25","guid":{"rendered":"https:\/\/jochenwagner.net\/?p=737"},"modified":"2024-01-20T11:23:40","modified_gmt":"2024-01-20T11:23:40","slug":"8-songs-2-2-2-2-2-3-2-2-2-2-2-2-2-2-2-2-copy-copy-copy-copy-copy-copy-copy-copy","status":"publish","type":"post","link":"https:\/\/jochenwagner.net\/?p=737","title":{"rendered":"S I E B E N"},"content":{"rendered":"","protected":false},"excerpt":{"rendered":"","protected":false},"author":1,"featured_media":738,"comment_status":"closed","ping_status":"closed","sticky":false,"template":"","format":"standard","meta":[],"categories":[4],"tags":[],"class_list":["post-737","post","type-post","status-publish","has-post-thumbnail","hentry","category-ausstellungen"],"grid":"{\r\n  \"colCount\": 12,\r\n  \"colGutter\": 1,\r\n  \"rowGutters\": [],\r\n  \"frameMargin\": 2,\r\n  \"topFrameMargin\": 40,\r\n  \"bottomFrameMargin\": 50,\r\n  \"rowAttrs\": [\r\n    {\r\n      \"row100vh\": true,\r\n      \"relid\": 1\r\n    }\r\n  ],\r\n  \"bgColor\": null,\r\n  \"cont\": [\r\n    {\r\n      \"type\": \"stack\",\r\n      \"cont\": [\r\n        {\r\n          \"type\": \"text\",\r\n          \"cont\": \"<div class=\\\"\\\"><p class=\\\"_TITEL\\\"><span style=\\\"font-size: 15px;\\\">S I E B E N<\/span><\/p><p class=\\\"_TITEL\\\"><span style=\\\"font-size: 15px;\\\">03.03. - 07.05.2021<\/span><\/p><p class=\\\"_TITEL\\\"><span style=\\\"font-size: 15px;\\\">Projektraum AKKU, Stuttgart<\/span><\/p><p><span style=\\\"font-size: 15px;\\\">Gestaltung: Studio Tillack Kn\u00f6ll<\/span><\/p><\/div><h1 class=\\\"_TITEL\\\">\u00a0<\/h1><p><a class=\\\"laynextproject\\\" href=\\\"https:\/\/jochenwagner.net\/?p=725\\\" data-type=\\\"project\\\" data-id=\\\"725\\\" data-title=\\\"APK\\\" data-catid=\\\"[4]\\\" data-hoverimageid=\\\"740\\\" data-hoverimagesmallsrc=\\\"\/wp-content\/uploads\/2024\/01\/Geld_u_Geister-265x265.jpg\\\" data-hoverimagetype=\\\"image\\\">\u2192<\/a><\/p><h1 class=\\\"_TITEL\\\"><a class=\\\"layprevproject\\\" href=\\\"#layprevproject\\\" data-type=\\\"project\\\" data-id=\\\"453\\\" data-title=\\\"art_2014_01_afropunk_ls art_2014_01_afropunk_rs\\\" data-catid=\\\"[1]\\\" data-hoverimageid=\\\"561\\\" data-hoverimagesmallsrc=\\\"\/wp-content\/uploads\/2021\/06\/2021-06-23_Ausstellung_Mute_Klasse_Boller_web-265x141.jpg\\\" data-hoverimagetype=\\\"image\\\">\u2190<\/a><\/h1><p>\u00a0<\/p>\",\r\n          \"align\": \"top\",\r\n          \"row\": -1,\r\n          \"col\": 0,\r\n          \"colspan\": 6,\r\n          \"offsetx\": 0,\r\n          \"offsety\": 0,\r\n          \"spaceabove\": 0,\r\n          \"spacebelow\": 0,\r\n          \"yvel\": 1,\r\n          \"push\": 0,\r\n          \"relid\": 6,\r\n          \"absolute_position\": false\r\n        },\r\n        {\r\n          \"type\": \"img\",\r\n          \"cont\": \"\/wp-content\/uploads\/2021\/03\/AKA-210303_Sieben_Newsletter.gif\",\r\n          \"align\": \"top\",\r\n          \"row\": -1,\r\n          \"col\": 4,\r\n          \"colspan\": 5,\r\n          \"offsetx\": 0,\r\n          \"offsety\": 0,\r\n          \"spaceabove\": 0,\r\n          \"spacebelow\": 4,\r\n          \"yvel\": 1,\r\n          \"push\": 4,\r\n          \"relid\": 20,\r\n          \"attid\": 525,\r\n          \"sizes\": {\r\n            \"full\": \"\/wp-content\/uploads\/2021\/03\/AKA-210303_Sieben_Newsletter.gif\",\r\n            \"_265\": \"\/wp-content\/uploads\/2021\/03\/AKA-210303_Sieben_Newsletter-265x265.gif\"\r\n          },\r\n          \"w\": 320,\r\n          \"h\": 320,\r\n          \"ar\": 1,\r\n          \"alt\": \"\",\r\n          \"absolute_position\": false\r\n        },\r\n        {\r\n          \"type\": \"text\",\r\n          \"cont\": \"<p class=\\\"_TITEL\\\">AUSSTELLUNG: \u201eS I E B E N\u201c<br \/>Projektraum AKKU, Gerberstra\u00dfe 5C, 70178 Stuttgart<\/p><p class=\\\"_TITEL\\\">03.03. - 07.05.2021<br \/>Die Meistersch\u00fcler*innen des Wei\u00dfenhof-Programms der ABK Stuttgart pr\u00e4sentieren ihre Arbeiten unter dem Titel<\/p><p class=\\\"_TITEL\\\">\u201eS I E B E N\u201c:<\/p><p class=\\\"_TITEL\\\">Javier Klaus Gastelum <br \/>Lisa Granada<br \/>Anette C. Halm <br \/>Jaewon Park<br \/>Patricia Paryz <br \/>Jochen Wagner <br \/>Linda Wei\u00df<\/p><p class=\\\"_TITEL\\\">Laufzeit: 03.03.\u201307.05.2021<\/p><p class=\\\"_TITEL\\\">\u00d6ffnungszeiten: Gem\u00e4\u00df der aktuellen Corona-Verordnung des Landes Baden-W\u00fcrttemberg ist der Projektraum AKKU derzeit geschlossen. Die Ausstellung ist von au\u00dfen durch die Fenster einsehbar. <span class=\\\"\\\">Sobald die Ausstellung zug\u00e4nglich \/ Terminbuchungen m\u00f6glich sind, finden sich auf der\u00a0<\/span><a class=\\\"\\\" href=\\\"https:\/\/www.kuenstlerbund-bawue.de\/2021\/03\/sieben-meisterschuelerinnen-des-weissenhof-programms\/\\\">Website des AKKU<\/a><span class=\\\"\\\">\u00a0aktuelle Informationen.<br class=\\\"\\\" \/><\/span><\/p><p class=\\\"_TITEL\\\">Weitere Informationen zum aktuellen Jahrgang unter <a rel=\\\"noopener\\\" href=\\\"https:\/\/www.abk-stuttgart.de\/wp.html\\\" target=\\\"_blank\\\" data-id=\\\"0\\\">www.abk-stuttgart.de<\/a><\/p><p class=\\\"_TITEL\\\"><a rel=\\\"noopener\\\" href=\\\"https:\/\/www.instagram.com\/abk_weissenhof.programm\/\\\" target=\\\"_blank\\\">www.instagram.com\/abk_weissenhof.programm<\/a><\/p><p class=\\\"_TITEL\\\">Der Projektraum AKKU ist eine Kooperation des <a rel=\\\"noopener\\\" href=\\\"https:\/\/www.kuenstlerbund-bawue.de\/\\\" target=\\\"_blank\\\">K\u00fcnstlerbundes Baden-W\u00fcrttemberg<\/a> und der ABK Stuttgart mit freundlicher Unterst\u00fctzung des Vereins der Freunde der Akademie Stuttgart e.V.<\/p><p>\u00a0<\/p>\",\r\n          \"align\": \"middle\",\r\n          \"row\": -1,\r\n          \"col\": 3,\r\n          \"colspan\": 7,\r\n          \"offsetx\": 0,\r\n          \"offsety\": 0,\r\n          \"spaceabove\": 0,\r\n          \"spacebelow\": 0,\r\n          \"yvel\": 1,\r\n          \"push\": 3,\r\n          \"relid\": 21,\r\n          \"absolute_position\": false\r\n        }\r\n      ],\r\n      \"align\": \"top\",\r\n      \"row\": 0,\r\n      \"col\": 0,\r\n      \"colspan\": 12,\r\n      \"offsetx\": 0,\r\n      \"offsety\": 0,\r\n      \"spaceabove\": 0,\r\n      \"spacebelow\": 0,\r\n      \"yvel\": 1,\r\n      \"push\": 0,\r\n      \"relid\": 189,\r\n      \"frameOverflow\": \"\",\r\n      \"absolute_position\": true\r\n    }\r\n  ]\r\n}","phonegrid":"{\r\n  \"colCount\": 1,\r\n  \"colGutter\": 1,\r\n  \"rowGutters\": [\r\n    5,\r\n    5\r\n  ],\r\n  \"frameMargin\": 5,\r\n  \"topFrameMargin\": 5,\r\n  \"rightFrameMargin\": 5,\r\n  \"bottomFrameMargin\": 20,\r\n  \"leftFrameMargin\": 5,\r\n  \"mus\": {\r\n    \"colGutterMu\": \"%\",\r\n    \"rowGutterMu\": \"%\",\r\n    \"topFrameMu\": \"%\",\r\n    \"bottomFrameMu\": \"%\",\r\n    \"frameMu\": \"%\"\r\n  },\r\n  \"rowAttrs\": [\r\n    {\r\n      \"relid\": 2\r\n    },\r\n    {\r\n      \"relid\": 3\r\n    },\r\n    {\r\n      \"relid\": 4\r\n    }\r\n  ],\r\n  \"bgColor\": null,\r\n  \"bgImage\": null,\r\n  \"cont\": [\r\n    {\r\n      \"type\": \"text\",\r\n      \"cont\": \"<div class=\\\"\\\"><p class=\\\"_TITEL\\\"><span style=\\\"font-size: 15px;\\\">S I E B E N<\/span><\/p><p class=\\\"_TITEL\\\"><span style=\\\"font-size: 15px;\\\">03.03. - 07.05.2021<\/span><\/p><p class=\\\"_TITEL\\\"><span style=\\\"font-size: 15px;\\\">Projektraum AKKU, Stuttgart<\/span><\/p><p><span style=\\\"font-size: 15px;\\\">Gestaltung: Studio Tillack Kn\u00f6ll<\/span><\/p><\/div><h1 class=\\\"_TITEL\\\">\u00a0<\/h1><p><a class=\\\"laynextproject\\\" href=\\\"https:\/\/jochenwagner.net\/?p=725\\\" data-type=\\\"project\\\" data-id=\\\"725\\\" data-title=\\\"APK\\\" data-catid=\\\"[4]\\\" data-hoverimageid=\\\"740\\\" data-hoverimagesmallsrc=\\\"\/wp-content\/uploads\/2024\/01\/Geld_u_Geister-265x265.jpg\\\" data-hoverimagetype=\\\"image\\\">\u2192<\/a><\/p><h1 class=\\\"_TITEL\\\"><a class=\\\"layprevproject\\\" href=\\\"#layprevproject\\\" data-type=\\\"project\\\" data-id=\\\"453\\\" data-title=\\\"art_2014_01_afropunk_ls art_2014_01_afropunk_rs\\\" data-catid=\\\"[1]\\\" data-hoverimageid=\\\"561\\\" data-hoverimagesmallsrc=\\\"\/wp-content\/uploads\/2021\/06\/2021-06-23_Ausstellung_Mute_Klasse_Boller_web-265x141.jpg\\\" data-hoverimagetype=\\\"image\\\">\u2190<\/a><\/h1><p>\u00a0<\/p>\",\r\n      \"align\": \"bottom\",\r\n      \"row\": 0,\r\n      \"col\": 0,\r\n      \"colspan\": 1,\r\n      \"offsetx\": 0,\r\n      \"offsety\": 0,\r\n      \"spaceabove\": 0,\r\n      \"spacebelow\": 0,\r\n      \"yvel\": 1,\r\n      \"push\": 0,\r\n      \"relid\": 6,\r\n      \"absolute_position\": false\r\n    },\r\n    {\r\n      \"type\": \"img\",\r\n      \"cont\": \"\/wp-content\/uploads\/2021\/03\/AKA-210303_Sieben_Newsletter.gif\",\r\n      \"align\": \"bottom\",\r\n      \"row\": 1,\r\n      \"col\": 0,\r\n      \"colspan\": 1,\r\n      \"offsetx\": 0,\r\n      \"offsety\": 0,\r\n      \"spaceabove\": 0,\r\n      \"spacebelow\": 0,\r\n      \"yvel\": 1,\r\n      \"push\": 0,\r\n      \"relid\": 20,\r\n      \"attid\": 525,\r\n      \"sizes\": {\r\n        \"full\": \"\/wp-content\/uploads\/2021\/03\/AKA-210303_Sieben_Newsletter.gif\",\r\n        \"_265\": \"\/wp-content\/uploads\/2021\/03\/AKA-210303_Sieben_Newsletter-265x265.gif\"\r\n      },\r\n      \"w\": 320,\r\n      \"h\": 320,\r\n      \"ar\": 1,\r\n      \"alt\": \"\",\r\n      \"absolute_position\": false\r\n    },\r\n    {\r\n      \"type\": \"text\",\r\n      \"cont\": \"<p class=\\\"_TITEL\\\">AUSSTELLUNG: \u201eS I E B E N\u201c<br \/>Projektraum AKKU, Gerberstra\u00dfe 5C, 70178 Stuttgart<\/p><p class=\\\"_TITEL\\\">03.03. - 07.05.2021<br \/>Die Meistersch\u00fcler*innen des Wei\u00dfenhof-Programms der ABK Stuttgart pr\u00e4sentieren ihre Arbeiten unter dem Titel<\/p><p class=\\\"_TITEL\\\">\u201eS I E B E N\u201c:<\/p><p class=\\\"_TITEL\\\">Javier Klaus Gastelum <br \/>Lisa Granada<br \/>Anette C. Halm <br \/>Jaewon Park<br \/>Patricia Paryz <br \/>Jochen Wagner <br \/>Linda Wei\u00df<\/p><p class=\\\"_TITEL\\\">Laufzeit: 03.03.\u201307.05.2021<\/p><p class=\\\"_TITEL\\\">\u00d6ffnungszeiten: Gem\u00e4\u00df der aktuellen Corona-Verordnung des Landes Baden-W\u00fcrttemberg ist der Projektraum AKKU derzeit geschlossen. Die Ausstellung ist von au\u00dfen durch die Fenster einsehbar. <span class=\\\"\\\">Sobald die Ausstellung zug\u00e4nglich \/ Terminbuchungen m\u00f6glich sind, finden sich auf der\u00a0<\/span><a class=\\\"\\\" href=\\\"https:\/\/www.kuenstlerbund-bawue.de\/2021\/03\/sieben-meisterschuelerinnen-des-weissenhof-programms\/\\\">Website des AKKU<\/a><span class=\\\"\\\">\u00a0aktuelle Informationen.<br class=\\\"\\\" \/><\/span><\/p><p class=\\\"_TITEL\\\">Weitere Informationen zum aktuellen Jahrgang unter <a rel=\\\"noopener\\\" href=\\\"https:\/\/www.abk-stuttgart.de\/wp.html\\\" target=\\\"_blank\\\" data-id=\\\"0\\\">www.abk-stuttgart.de<\/a><\/p><p class=\\\"_TITEL\\\"><a rel=\\\"noopener\\\" href=\\\"https:\/\/www.instagram.com\/abk_weissenhof.programm\/\\\" target=\\\"_blank\\\">www.instagram.com\/abk_weissenhof.programm<\/a><\/p><p class=\\\"_TITEL\\\">Der Projektraum AKKU ist eine Kooperation des <a rel=\\\"noopener\\\" href=\\\"https:\/\/www.kuenstlerbund-bawue.de\/\\\" target=\\\"_blank\\\">K\u00fcnstlerbundes Baden-W\u00fcrttemberg<\/a> und der ABK Stuttgart mit freundlicher Unterst\u00fctzung des Vereins der Freunde der Akademie Stuttgart e.V.<\/p><p>\u00a0<\/p>\",\r\n      \"align\": \"bottom\",\r\n      \"row\": 2,\r\n      \"col\": 0,\r\n      \"colspan\": 1,\r\n      \"offsetx\": 0,\r\n      \"offsety\": 0,\r\n      \"spaceabove\": 0,\r\n      \"spacebelow\": 0,\r\n      \"yvel\": 1,\r\n      \"push\": 0,\r\n      \"relid\": 21,\r\n      \"absolute_position\": false\r\n    }\r\n  ]\r\n}","_links":{"self":[{"href":"https:\/\/jochenwagner.net\/index.php?rest_route=\/wp\/v2\/posts\/737","targetHints":{"allow":["GET"]}}],"collection":[{"href":"https:\/\/jochenwagner.net\/index.php?rest_route=\/wp\/v2\/posts"}],"about":[{"href":"https:\/\/jochenwagner.net\/index.php?rest_route=\/wp\/v2\/types\/post"}],"author":[{"embeddable":true,"href":"https:\/\/jochenwagner.net\/index.php?rest_route=\/wp\/v2\/users\/1"}],"replies":[{"embeddable":true,"href":"https:\/\/jochenwagner.net\/index.php?rest_route=%2Fwp%2Fv2%2Fcomments&post=737"}],"version-history":[{"count":0,"href":"https:\/\/jochenwagner.net\/index.php?rest_route=\/wp\/v2\/posts\/737\/revisions"}],"wp:featuredmedia":[{"embeddable":true,"href":"https:\/\/jochenwagner.net\/index.php?rest_route=\/wp\/v2\/media\/738"}],"wp:attachment":[{"href":"https:\/\/jochenwagner.net\/index.php?rest_route=%2Fwp%2Fv2%2Fmedia&parent=737"}],"wp:term":[{"taxonomy":"category","embeddable":true,"href":"https:\/\/jochenwagner.net\/index.php?rest_route=%2Fwp%2Fv2%2Fcategories&post=737"},{"taxonomy":"post_tag","embeddable":true,"href":"https:\/\/jochenwagner.net\/index.php?rest_route=%2Fwp%2Fv2%2Ftags&post=737"}],"curies":[{"name":"wp","href":"https:\/\/api.w.org\/{rel}","templated":true}]}}